{"id":371,"date":"2013-12-17T23:27:47","date_gmt":"2013-12-17T21:27:47","guid":{"rendered":"https:\/\/mapa-new.abakus.net.pl\/blog\/?p=371"},"modified":"2014-04-28T12:45:39","modified_gmt":"2014-04-28T10:45:39","slug":"gminne-miejsca-przyjecia-smiglowca-lpr","status":"publish","type":"post","link":"https:\/\/mapa.abakus.net.pl\/blog\/?p=371","title":{"rendered":"Gminne miejsca przyj\u0119cia \u015bmig\u0142owca LPR"},"content":{"rendered":"<p style=\"text-align: justify;\">Dzi\u0119ki wsp\u00f3\u0142pracy ze stowarzyszeniem OSM oraz uprzejmo\u015bci SP ZOZ LPR, a w szczeg\u00f3lno\u015bci pani rzecznik Justyny Sochackiej uda\u0142o si\u0119 nam uzyska\u0107 i zaimportowa\u0107 do mapy projektu OSM wszystkie gminne punkty przyj\u0119cia \u015bmig\u0142owca LPR.<\/p>\n<p>&nbsp;<\/p>\n<p style=\"text-align: justify;\"><a href=\"https:\/\/mapa-new.abakus.net.pl\/blog\/wp-content\/uploads\/2013\/12\/LPR_Gminne.jpg\"><img loading=\"lazy\" class=\"aligncenter  wp-image-372\" alt=\"LPR_Gminne\" src=\"https:\/\/mapa-new.abakus.net.pl\/blog\/wp-content\/uploads\/2013\/12\/LPR_Gminne.jpg\" width=\"692\" height=\"523\" srcset=\"https:\/\/mapa.abakus.net.pl\/blog\/wp-content\/uploads\/2013\/12\/LPR_Gminne.jpg 989w, https:\/\/mapa.abakus.net.pl\/blog\/wp-content\/uploads\/2013\/12\/LPR_Gminne-300x226.jpg 300w, https:\/\/mapa.abakus.net.pl\/blog\/wp-content\/uploads\/2013\/12\/LPR_Gminne-198x150.jpg 198w, https:\/\/mapa.abakus.net.pl\/blog\/wp-content\/uploads\/2013\/12\/LPR_Gminne-150x113.jpg 150w\" sizes=\"(max-width: 692px) 100vw, 692px\" \/><\/a>Dzi\u0119ki importowi do projektu OSM punkty te dost\u0119pne s\u0105 w naszej aplikacji dyspozytorskiej MapaST oraz mobilnej &#8211; TerminalST, w ramach warstw serwera AbakusOSM. W przysz\u0142o\u015bci planujemy r\u00f3wnie\u017c udost\u0119pnienie mechanizm\u00f3w pozwalaj\u0105cych na oszacowanie czasu dotarcia \u015bmig\u0142owca LPR do dowolnego &#8211; oznaczonego na mapie punktu.<\/p>\n","protected":false},"excerpt":{"rendered":"<p>Dzi\u0119ki wsp\u00f3\u0142pracy ze stowarzyszeniem OSM oraz uprzejmo\u015bci SP ZOZ LPR, a w szczeg\u00f3lno\u015bci pani rzecznik Justyny Sochackiej uda\u0142o si\u0119 nam uzyska\u0107 i zaimportowa\u0107 do mapy projektu OSM wszystkie gminne punkty przyj\u0119cia \u015bmig\u0142owca LPR. &nbsp; Dzi\u0119ki importowi do projektu OSM punkty te dost\u0119pne s\u0105 w naszej aplikacji dyspozytorskiej MapaST oraz mobilnej \u2026 <a class=\"continue-reading-link\" href=\"https:\/\/mapa.abakus.net.pl\/blog\/?p=371\"> Continue reading <span class=\"meta-nav\">&rarr; <\/span><\/a><\/p>\n","protected":false},"author":4,"featured_media":0,"comment_status":"closed","ping_status":"closed","sticky":false,"template":"","format":"standard","meta":[],"categories":[1],"tags":[],"_links":{"self":[{"href":"https:\/\/mapa.abakus.net.pl\/blog\/index.php?rest_route=\/wp\/v2\/posts\/371"}],"collection":[{"href":"https:\/\/mapa.abakus.net.pl\/blog\/index.php?rest_route=\/wp\/v2\/posts"}],"about":[{"href":"https:\/\/mapa.abakus.net.pl\/blog\/index.php?rest_route=\/wp\/v2\/types\/post"}],"author":[{"embeddable":true,"href":"https:\/\/mapa.abakus.net.pl\/blog\/index.php?rest_route=\/wp\/v2\/users\/4"}],"replies":[{"embeddable":true,"href":"https:\/\/mapa.abakus.net.pl\/blog\/index.php?rest_route=%2Fwp%2Fv2%2Fcomments&post=371"}],"version-history":[{"count":1,"href":"https:\/\/mapa.abakus.net.pl\/blog\/index.php?rest_route=\/wp\/v2\/posts\/371\/revisions"}],"predecessor-version":[{"id":373,"href":"https:\/\/mapa.abakus.net.pl\/blog\/index.php?rest_route=\/wp\/v2\/posts\/371\/revisions\/373"}],"wp:attachment":[{"href":"https:\/\/mapa.abakus.net.pl\/blog\/index.php?rest_route=%2Fwp%2Fv2%2Fmedia&parent=371"}],"wp:term":[{"taxonomy":"category","embeddable":true,"href":"https:\/\/mapa.abakus.net.pl\/blog\/index.php?rest_route=%2Fwp%2Fv2%2Fcategories&post=371"},{"taxonomy":"post_tag","embeddable":true,"href":"https:\/\/mapa.abakus.net.pl\/blog\/index.php?rest_route=%2Fwp%2Fv2%2Ftags&post=371"}],"curies":[{"name":"wp","href":"https:\/\/api.w.org\/{rel}","templated":true}]}}